{"id":4606,"date":"2023-06-16T10:53:48","date_gmt":"2023-06-16T10:53:48","guid":{"rendered":"http:\/\/waelderfuermorgen.de\/?p=4606"},"modified":"2023-06-16T11:16:55","modified_gmt":"2023-06-16T11:16:55","slug":"erste-schulwald-aktion-auf-offenlandflaechen-schuelerinnen-der-10-klassen-setzen-sich-fuer-artenschutz-und-die-renaturierung-von-ihren-schulwaldflaechen-in-pieverstorf-ein","status":"publish","type":"post","link":"https:\/\/waelderfuermorgen.de\/?p=4606","title":{"rendered":"Erste Schulwald-Aktion auf Offenlandfl\u00e4chen"},"content":{"rendered":"<div>\n<p style=\"text-align: center;\"><strong>Sch\u00fcler:innen der 10. Klassen setzen sich f\u00fcr Artenschutz und die Renaturierung von ihren Schulwaldfl\u00e4chen in Pieverstorf ein<\/strong><\/p>\n<p style=\"text-align: left;\"><span>Nachdem das Projekt Schulwald Carolinum mit dem Jugendumweltpreis Mecklenburg-Vorpommerns ausgezeichnet und mit einer hohen Summe gef\u00f6rdert wurde, ging es am 07. Juni 2023 f\u00fcr die 10. Klassen wieder auf die Schulwald-Fl\u00e4chen. Anders als der Name erwarten l\u00e4sst, umfasst der Schulwald Carolinum nicht nur W\u00e4lder, sondern auch Offenland und Gew\u00e4sser. Nun waren Sch\u00fcler:innen zum ersten Mal auf Offenlandfl\u00e4chen in Pieverstorf, um gemeinsam ehemalige Ackerfl\u00e4chen f\u00fcr die Renaturierung vorzubereiten. <o:p><\/o:p><\/span><\/p>\n<\/div>\n<div>\n<p><span>Unter der Leitung von Alexa Beaucamp startete das gro\u00dfe Projekt bereits im Jahr 2021 mit einer ersten Aktion, bei der Sch\u00fcler:innen der 9. Klassen eine wissenschaftliche Dauerbeobachtungsfl\u00e4che in einem Kiefern-Bestand in Wesenberg anlegten. In Zukunft werden die Sch\u00fcler:Innen aktiv in den Umbau dieses Kiefern-Bestandes einbezogen \u2013 denn er soll zu einem klimaresilienten Mischbestand werden. <o:p><\/o:p><\/span><\/p>\n<\/div>\n<div>\n<p><span>Zur\u00fcck in Pieverstorf: Am Treffpunkt startete der Tag mit einer kurzen Einf\u00fchrung zur Geologie und Entstehung des Schulwald-Standorts in Pieverstorf durch den Gesch\u00e4ftsf\u00fchrenden Vorstand der Stiftung Dr. Martin Schmitt- Beaucamp. Danach ging es auch schon los. <o:p><\/o:p><\/span><\/p>\n<\/div>\n<div>\n<p><span>Der erste Arbeitsschritt startete mit der Erweiterung einer Reptilienburg an einer nahegelegenen Bl\u00fchfl\u00e4che. Es wurden Steine aufgeschichtet, um die Burg zu verbessern. Diese dient gleichzeitig als Lebensraum und Absperrung gegen unerw\u00fcnschte Autofahrer, die die Bl\u00fchfl\u00e4chen zerst\u00f6ren.<\/span><a href=\"http:\/\/waelderfuermorgen.de\/wp-content\/uploads\/2023\/06\/IMG_0345.heic\"><img loading=\"lazy\" src=\"http:\/\/waelderfuermorgen.de\/wp-content\/uploads\/2023\/06\/IMG_0345.heic\" alt=\"\" width=\"1\" height=\"1\" class=\"alignnone size-medium wp-image-4607\" \/><\/a><\/p>\n<\/div>\n<p><a href=\"http:\/\/waelderfuermorgen.de\/wp-content\/uploads\/2023\/06\/IMG_0345-scaled.jpeg\"><img loading=\"lazy\" src=\"http:\/\/waelderfuermorgen.de\/wp-content\/uploads\/2023\/06\/IMG_0345-scaled.jpeg\" alt=\"\" width=\"2560\" height=\"1920\" class=\"aligncenter size-full wp-image-4617\" srcset=\"https:\/\/waelderfuermorgen.de\/wp-content\/uploads\/2023\/06\/IMG_0345-scaled.jpeg 2560w, https:\/\/waelderfuermorgen.de\/wp-content\/uploads\/2023\/06\/IMG_0345-300x225.jpeg 300w, https:\/\/waelderfuermorgen.de\/wp-content\/uploads\/2023\/06\/IMG_0345-1024x768.jpeg 1024w, https:\/\/waelderfuermorgen.de\/wp-content\/uploads\/2023\/06\/IMG_0345-768x576.jpeg 768w, https:\/\/waelderfuermorgen.de\/wp-content\/uploads\/2023\/06\/IMG_0345-1536x1152.jpeg 1536w, https:\/\/waelderfuermorgen.de\/wp-content\/uploads\/2023\/06\/IMG_0345-2048x1536.jpeg 2048w, https:\/\/waelderfuermorgen.de\/wp-content\/uploads\/2023\/06\/IMG_0345-600x450.jpeg 600w\" sizes=\"(max-width: 2560px) 100vw, 2560px\" \/><\/a><\/p>\n<div>\n<p><span>Um neuangelegte Gr\u00fcnfl\u00e4chen als sog. \u201eErosionsschutzfl\u00e4chen\u201c gegen die bestehende Gefahr der Winderosion k\u00fcnftig m\u00e4hen zu k\u00f6nnen, wurden dort weitere Steine gesammelt. Mit diesen wurden zwei andere, bereits begonnene Burgen direkt angrenzend zum M\u00fcritz-Nationalpark verst\u00e4rkt. Langfristig sollen auf den \u00f6kologisch bewirtschafteten Erosionsschutzfl\u00e4chen artenreiche Wiesenfl\u00e4chen entwickelt werden, um dort die Biodiversit\u00e4t zu erh\u00f6hen. <\/span><\/p>\n<p><a href=\"http:\/\/waelderfuermorgen.de\/wp-content\/uploads\/2023\/06\/IMG_0405-Kopie-scaled.jpeg\"><img loading=\"lazy\" src=\"http:\/\/waelderfuermorgen.de\/wp-content\/uploads\/2023\/06\/IMG_0405-Kopie-scaled.jpeg\" alt=\"\" width=\"2560\" height=\"1920\" class=\"aligncenter size-full wp-image-4616\" srcset=\"https:\/\/waelderfuermorgen.de\/wp-content\/uploads\/2023\/06\/IMG_0405-Kopie-scaled.jpeg 2560w, https:\/\/waelderfuermorgen.de\/wp-content\/uploads\/2023\/06\/IMG_0405-Kopie-300x225.jpeg 300w, https:\/\/waelderfuermorgen.de\/wp-content\/uploads\/2023\/06\/IMG_0405-Kopie-1024x768.jpeg 1024w, https:\/\/waelderfuermorgen.de\/wp-content\/uploads\/2023\/06\/IMG_0405-Kopie-768x576.jpeg 768w, https:\/\/waelderfuermorgen.de\/wp-content\/uploads\/2023\/06\/IMG_0405-Kopie-1536x1152.jpeg 1536w, https:\/\/waelderfuermorgen.de\/wp-content\/uploads\/2023\/06\/IMG_0405-Kopie-2048x1536.jpeg 2048w, https:\/\/waelderfuermorgen.de\/wp-content\/uploads\/2023\/06\/IMG_0405-Kopie-600x450.jpeg 600w\" sizes=\"(max-width: 2560px) 100vw, 2560px\" \/><\/a><\/p>\n<\/div>\n<div>\n<p><span>Mit den neuen Steinen konnte dann weiterer Lebensraum f\u00fcr kleine Lebewesen wie Eidechsen und Insekten geschaffen werden. Zwischendurch gab es immer wieder spannende Informationen \u00fcber Naturschutz und Geologie, die u.a. durch den abschlie\u00dfenden Besuch eines sehr steilen Endmor\u00e4nen-Bergs veranschaulicht wurden.<\/span><\/p>\n<p><a href=\"http:\/\/waelderfuermorgen.de\/wp-content\/uploads\/2023\/06\/IMG_0426-Kopie-scaled.jpeg\"><img loading=\"lazy\" src=\"http:\/\/waelderfuermorgen.de\/wp-content\/uploads\/2023\/06\/IMG_0426-Kopie-scaled.jpeg\" alt=\"\" width=\"2560\" height=\"1920\" class=\"aligncenter size-full wp-image-4614\" srcset=\"https:\/\/waelderfuermorgen.de\/wp-content\/uploads\/2023\/06\/IMG_0426-Kopie-scaled.jpeg 2560w, https:\/\/waelderfuermorgen.de\/wp-content\/uploads\/2023\/06\/IMG_0426-Kopie-300x225.jpeg 300w, https:\/\/waelderfuermorgen.de\/wp-content\/uploads\/2023\/06\/IMG_0426-Kopie-1024x768.jpeg 1024w, https:\/\/waelderfuermorgen.de\/wp-content\/uploads\/2023\/06\/IMG_0426-Kopie-768x576.jpeg 768w, https:\/\/waelderfuermorgen.de\/wp-content\/uploads\/2023\/06\/IMG_0426-Kopie-1536x1152.jpeg 1536w, https:\/\/waelderfuermorgen.de\/wp-content\/uploads\/2023\/06\/IMG_0426-Kopie-2048x1536.jpeg 2048w, https:\/\/waelderfuermorgen.de\/wp-content\/uploads\/2023\/06\/IMG_0426-Kopie-600x450.jpeg 600w\" sizes=\"(max-width: 2560px) 100vw, 2560px\" \/><\/a><\/p>\n<div>\n<p><span>Als Abschluss nach dem Arbeiten gab es zur Belohnung leckeren Apfelkuchen. Auch das Baden war sehr erfrischend und hat viel Spa\u00df gemacht.<\/span><\/p>\n<\/div>\n<p><a href=\"http:\/\/waelderfuermorgen.de\/wp-content\/uploads\/2023\/06\/IMG_0429-Kopie-scaled.jpeg\"><img loading=\"lazy\" src=\"http:\/\/waelderfuermorgen.de\/wp-content\/uploads\/2023\/06\/IMG_0429-Kopie-scaled.jpeg\" alt=\"\" width=\"2560\" height=\"1920\" class=\"aligncenter size-full wp-image-4613\" srcset=\"https:\/\/waelderfuermorgen.de\/wp-content\/uploads\/2023\/06\/IMG_0429-Kopie-scaled.jpeg 2560w, https:\/\/waelderfuermorgen.de\/wp-content\/uploads\/2023\/06\/IMG_0429-Kopie-300x225.jpeg 300w, https:\/\/waelderfuermorgen.de\/wp-content\/uploads\/2023\/06\/IMG_0429-Kopie-1024x768.jpeg 1024w, https:\/\/waelderfuermorgen.de\/wp-content\/uploads\/2023\/06\/IMG_0429-Kopie-768x576.jpeg 768w, https:\/\/waelderfuermorgen.de\/wp-content\/uploads\/2023\/06\/IMG_0429-Kopie-1536x1152.jpeg 1536w, https:\/\/waelderfuermorgen.de\/wp-content\/uploads\/2023\/06\/IMG_0429-Kopie-2048x1536.jpeg 2048w, https:\/\/waelderfuermorgen.de\/wp-content\/uploads\/2023\/06\/IMG_0429-Kopie-600x450.jpeg 600w\" sizes=\"(max-width: 2560px) 100vw, 2560px\" \/><\/a><\/p>\n<\/div>\n<div>\n<p><span>Der Tag war eine willkommene Abwechslung zum Schulalltag und hat allen Sch\u00fcler:innen sehr viel Spa\u00df gemacht: ob nun das Entdecken von Tieren wie Grillen, Hasen und der drei Dexter-Bullen oder die willkommene und famili\u00e4re Atmosph\u00e4re. Der Tag hat sich f\u00fcr alle gelohnt, und wir freuen uns schon auf weitere Projekte des Schulwalds Carolinum.<o:p><\/o:p><\/span><\/p>\n<p><a href=\"http:\/\/waelderfuermorgen.de\/wp-content\/uploads\/2023\/06\/IMG_0359-Kopie-scaled.jpeg\"><img loading=\"lazy\" src=\"http:\/\/waelderfuermorgen.de\/wp-content\/uploads\/2023\/06\/IMG_0359-Kopie-scaled.jpeg\" alt=\"\" width=\"2560\" height=\"1920\" class=\"aligncenter size-full wp-image-4615\" srcset=\"https:\/\/waelderfuermorgen.de\/wp-content\/uploads\/2023\/06\/IMG_0359-Kopie-scaled.jpeg 2560w, https:\/\/waelderfuermorgen.de\/wp-content\/uploads\/2023\/06\/IMG_0359-Kopie-300x225.jpeg 300w, https:\/\/waelderfuermorgen.de\/wp-content\/uploads\/2023\/06\/IMG_0359-Kopie-1024x768.jpeg 1024w, https:\/\/waelderfuermorgen.de\/wp-content\/uploads\/2023\/06\/IMG_0359-Kopie-768x576.jpeg 768w, https:\/\/waelderfuermorgen.de\/wp-content\/uploads\/2023\/06\/IMG_0359-Kopie-1536x1152.jpeg 1536w, https:\/\/waelderfuermorgen.de\/wp-content\/uploads\/2023\/06\/IMG_0359-Kopie-2048x1536.jpeg 2048w, https:\/\/waelderfuermorgen.de\/wp-content\/uploads\/2023\/06\/IMG_0359-Kopie-600x450.jpeg 600w\" sizes=\"(max-width: 2560px) 100vw, 2560px\" \/><\/a><\/p>\n<div>\n<p><span>Wir bedanken uns f\u00fcr das gro\u00dfartige Angebot bei Alexa, Malina und Martin, die diesen Tag mit ihrer gemeinn\u00fctzigen Stiftung W\u00e4lder f\u00fcr Morgen in Kooperation mit dem Schulverein Carolinum e.V. erm\u00f6glicht haben. <o:p><\/o:p><\/span><\/p>\n<\/div>\n<div>\n<p>&nbsp;<\/p>\n<p><span>Pauline Adloff (10\/5), Hedwig Schirrmeister (10\/5) und Nadja Schubert (10\/5)<o:p><\/o:p><\/span><\/p>\n<\/div>\n<\/div>\n<p><img loading=\"lazy\" src=\"http:\/\/waelderfuermorgen.de\/wp-content\/uploads\/2023\/06\/IMG_0345.heic\" alt=\"\" width=\"1\" height=\"1\" class=\"alignnone size-medium wp-image-4607\" \/><\/p>\n<p>&nbsp;<\/p>\n","protected":false},"excerpt":{"rendered":"<p>Sch\u00fcler:innen der 10. Klassen setzen sich f\u00fcr Artenschutz und die Renaturierung von ihren Schulwaldfl\u00e4chen in Pieverstorf ein Nachdem das Projekt Schulwald Carolinum mit dem Jugendumweltpreis Mecklenburg-Vorpommerns ausgezeichnet und mit einer hohen Summe gef\u00f6rdert wurde, ging es am 07. Juni 2023 f\u00fcr die 10. Klassen wieder auf die Schulwald-Fl\u00e4chen. Anders als [&hellip;]<\/p>\n","protected":false},"author":1,"featured_media":4620,"comment_status":"closed","ping_status":"closed","sticky":false,"template":"","format":"standard","meta":[],"categories":[56],"tags":[],"_links":{"self":[{"href":"https:\/\/waelderfuermorgen.de\/index.php?rest_route=\/wp\/v2\/posts\/4606"}],"collection":[{"href":"https:\/\/waelderfuermorgen.de\/index.php?rest_route=\/wp\/v2\/posts"}],"about":[{"href":"https:\/\/waelderfuermorgen.de\/index.php?rest_route=\/wp\/v2\/types\/post"}],"author":[{"embeddable":true,"href":"https:\/\/waelderfuermorgen.de\/index.php?rest_route=\/wp\/v2\/users\/1"}],"replies":[{"embeddable":true,"href":"https:\/\/waelderfuermorgen.de\/index.php?rest_route=%2Fwp%2Fv2%2Fcomments&post=4606"}],"version-history":[{"count":5,"href":"https:\/\/waelderfuermorgen.de\/index.php?rest_route=\/wp\/v2\/posts\/4606\/revisions"}],"predecessor-version":[{"id":4627,"href":"https:\/\/waelderfuermorgen.de\/index.php?rest_route=\/wp\/v2\/posts\/4606\/revisions\/4627"}],"wp:featuredmedia":[{"embeddable":true,"href":"https:\/\/waelderfuermorgen.de\/index.php?rest_route=\/wp\/v2\/media\/4620"}],"wp:attachment":[{"href":"https:\/\/waelderfuermorgen.de\/index.php?rest_route=%2Fwp%2Fv2%2Fmedia&parent=4606"}],"wp:term":[{"taxonomy":"category","embeddable":true,"href":"https:\/\/waelderfuermorgen.de\/index.php?rest_route=%2Fwp%2Fv2%2Fcategories&post=4606"},{"taxonomy":"post_tag","embeddable":true,"href":"https:\/\/waelderfuermorgen.de\/index.php?rest_route=%2Fwp%2Fv2%2Ftags&post=4606"}],"curies":[{"name":"wp","href":"https:\/\/api.w.org\/{rel}","templated":true}]}}